{"id":114,"date":"2015-02-28T20:04:00","date_gmt":"2015-02-28T19:04:00","guid":{"rendered":"http:\/\/lecznica.gdynia.pl\/?p=114"},"modified":"2015-02-28T22:42:53","modified_gmt":"2015-02-28T21:42:53","slug":"parkowanie-2012","status":"publish","type":"post","link":"https:\/\/lecznica.gdynia.pl\/?p=114","title":{"rendered":"Parkowanie 2012"},"content":{"rendered":"<p style=\"text-align: center;\" align=\"center\"><strong>PARKOWANIE<\/strong><\/p>\n<p style=\"text-align: center;\" align=\"center\"><strong><em>\u201ePupil w domu \u2013 po\u017cytki i zagro\u017cenia\u201d<\/em><\/strong><\/p>\n<p style=\"text-align: justify;\">4 i 5 sierpnia 2012 odby\u0142a si\u0119 kolejna, sz\u00f3sta edycja PARKOWANIA. Tematem przewodnim by\u0142o &#8222;popo\u0142udnie z faun\u0105&#8221;. Dla niewtajemniczonych PARKOWANIE to coroczna impreza\u00a0 kulturalno-artystyczno-edukacyjna odbywaj\u0105ca si\u0119 na terenie Parku Oliwskiego \u2013 st\u0105d nazwa.<\/p>\n<p style=\"text-align: justify;\">            \n\t\t<div class=\"ngg-gallery-singlepic-image ngg-left\" style=\"\">\n\t\t\t    \t<a href=\"https:\/\/lecznica.gdynia.pl\/wp-content\/gallery\/parkowanie\/image001.jpg\"\n\t\t     title=\"\"\n             data-src=\"https:\/\/lecznica.gdynia.pl\/wp-content\/gallery\/parkowanie\/image001.jpg\"\n             data-thumbnail=\"https:\/\/lecznica.gdynia.pl\/wp-content\/gallery\/parkowanie\/thumbs\/thumbs_image001.jpg\"\n             data-image-id=\"1\"\n             data-title=\"image001.jpg\"\n             data-description=\"\"\n             target='_self'\n             class=\"ngg-fancybox\" rel=\"4da454d14bda8ff14b90b2fb7debea4a\">\n            <img class=\"ngg-singlepic\"\n             src=\"https:\/\/lecznica.gdynia.pl\/wp-content\/gallery\/parkowanie\/cache\/image001.jpg-nggid011-ngg0dyn-0x0x100-00f0w010c010r110f110r010t010.jpg\"\n             alt=\"image001.jpg\"\n             title=\"image001.jpg\"\n                           \/>\n    \t<\/a>\n\t\t      <\/div>\n        <\/p>\n<p style=\"text-align: justify;\">Tym razem dla uczestnik\u00f3w otwarte by\u0142o tak\u017ce ZOO. Z racji tematu wszystkie wydarzenia nawi\u0105zywa\u0142y do zwierzak\u00f3w \u2013 zar\u00f3wno do tych wsp\u00f3\u0142domownik\u00f3w, ale tak\u017ce do zwierz\u0105t dzikich, kt\u00f3re coraz cz\u0119\u015bciej zbli\u017caj\u0105 si\u0119 do aglomeracji, staj\u0105c si\u0119 cz\u0119\u015bci\u0105 naszego miejskiego ekosystemu. Podobnie jest z terenem Parku Oliwskiego, kt\u00f3ry jest miejscem cz\u0119sto odwiedzanym przez dzikie zwierz\u0119ta z okolicznych las\u00f3w.<\/p>\n<p style=\"text-align: justify;\">Organizatorzy zapewnili ca\u0142\u0105 gam\u0119 przer\u00f3\u017cnych rozrywek, program wr\u0119cz p\u0119ka\u0142 w szwach. Nasza klinika zosta\u0142a poproszona o pomoc w poprowadzeniu wyk\u0142adu na temat: &#8222;Pupil w domu \u2013 po\u017cytki i zagro\u017cenia&#8221;.<\/p>\n<p style=\"text-align: justify;\">Wyk\u0142ad\u00a0 poprowadzi\u0142y lek. wet. Hanna Szcz\u0119dzina oraz lek. wet. Aleksandra S\u0142awska. W przemi\u0142ej atmosferze parkowej, czyli na trawce pod drzewem, dziewczyny m\u00f3wi\u0142y g\u0142\u00f3wnie o tym, na co nale\u017cy zwr\u00f3ci\u0107 uwag\u0119 bior\u0105c zwierzaka do domu, a przede wszystkim o tym, co najbardziej niepokoi klient\u00f3w naszej kliniki \u2013 czym mo\u017cna si\u0119 od zwierzak\u00f3w zarazi\u0107. Szczeg\u00f3lnie rodziny z dzie\u0107mi, kt\u00f3rych tego dnia by\u0142o mn\u00f3stwo w Parku, ch\u0119tnie s\u0142ucha\u0142y jak zapobiega\u0107 i obni\u017ca\u0107 ryzyko ewentualnego przeniesienia choroby.<\/p>\n<p style=\"text-align: justify;\">W pierwszej cz\u0119\u015bci wyk\u0142adu lek. wet. Aleksandra S\u0142awska zapozna\u0142a s\u0142uchaczy z poj\u0119ciem zoonoz \u00a0czyli chor\u00f3b, kt\u00f3rymi mo\u017cemy zarazi\u0107 si\u0119 od zwierz\u0105t, a tak\u017ce o charakterystycznych objawach takich jak np. drapanie si\u0119, kt\u00f3re mog\u0105 nam wskaza\u0107, \u017ce co\u015b zaczyna si\u0119 z naszym zwierzakiem dzia\u0107. Warto wiedzie\u0107 kiedy faktycznie\u00a0 nale\u017cy si\u0119 martwi\u0107, a kiedy zwierz\u0119 poobserwowa\u0107 i poczeka\u0107 z wizyt\u0105 u lekarza weterynarii. M\u00f3wi\u0142a tak\u017ce o paso\u017cytach zewn\u0119trznych: kleszczach (ostatnio pojawi\u0142y si\u0119 w naszej klinice dwa przypadki babeszjozy!!!), nu\u017ce\u0144cach, \u015bwierzbowcach i pch\u0142ach. Do\u015b\u0107 cz\u0119sto zdarza si\u0119, \u017ce nawet najbardziej zadbany pies lub kot przynosi do domu takich w\u0142a\u015bnie pasa\u017cer\u00f3w na gap\u0119. Wa\u017cne jest, \u017ceby zdawa\u0107 sobie spraw\u0119 na co zwr\u00f3ci\u0107 uwag\u0119. Na przyk\u0142ad gdy wspomniane drapanie atakuje g\u0142\u00f3wnie noc\u0105 lub wieczorami, mo\u017cemy podejrzewa\u0107 \u015bwierzbowca itp.<\/p>\n<p style=\"text-align: justify;\">            \n\t\t<div class=\"ngg-gallery-singlepic-image ngg-right\" style=\"\">\n\t\t\t    \t<a href=\"https:\/\/lecznica.gdynia.pl\/wp-content\/gallery\/parkowanie\/image002.jpg\"\n\t\t     title=\"\"\n             data-src=\"https:\/\/lecznica.gdynia.pl\/wp-content\/gallery\/parkowanie\/image002.jpg\"\n             data-thumbnail=\"https:\/\/lecznica.gdynia.pl\/wp-content\/gallery\/parkowanie\/thumbs\/thumbs_image002.jpg\"\n             data-image-id=\"2\"\n             data-title=\"image002.jpg\"\n             data-description=\"\"\n             target='_self'\n             class=\"ngg-fancybox\" rel=\"25d72787f930eeebfdc3d458a2355f16\">\n            <img class=\"ngg-singlepic\"\n             src=\"https:\/\/lecznica.gdynia.pl\/wp-content\/gallery\/parkowanie\/cache\/image002.jpg-nggid012-ngg0dyn-0x0x100-00f0w010c010r110f110r010t010.jpg\"\n             alt=\"image002.jpg\"\n             title=\"image002.jpg\"\n                           \/>\n    \t<\/a>\n\t\t      <\/div>\n        W drugiej cz\u0119\u015bci wyk\u0142adu lek. wet. Hanna Szcz\u0119dzina opowiedzia\u0142a o\u00a0 najcz\u0119\u015bciej spotykanych paso\u017cytach wewn\u0119trznych, o ich cyklach \u017cyciowych, czyli sk\u0105d zwierzak oraz my mo\u017cemy si\u0119 zarazi\u0107. M\u00f3wi\u0142a tak\u017ce o tym jaki program odrobaczenia nale\u017cy zastosowa\u0107, \u017ceby mie\u0107 pewno\u015b\u0107, \u017ce jeste\u015bmy bezpieczni. Z do\u015bwiadczenia wiemy, \u017ce naszych klient\u00f3w, szczeg\u00f3lnie \u017ce\u0144sk\u0105 cz\u0119\u015b\u0107, najbardziej niepokoi mo\u017cliwo\u015b\u0107 zara\u017cenia si\u0119 toksoplazmoz\u0105 oraz glistami przez dzieci. Dlatego te\u017c pani doktor m\u00f3wi\u0142a g\u0142ownie o tym, staraj\u0105c si\u0119 uzmys\u0142owi\u0107, jak post\u0119powa\u0107 \u017ceby zminimalizowa\u0107 ryzyko zara\u017cenia bez popadania w niepotrzebn\u0105 panik\u0119. W ko\u0144cu zwierzak w domu to g\u0142\u00f3wnie po\u017cytki, a zagro\u017cenia pojawiaj\u0105 si\u0119 jedynie wtedy, gdy nie wiemy na co zwr\u00f3ci\u0107 uwag\u0119 i jak im zapobiega\u0107.<\/p>\n<p style=\"text-align: justify;\">Najwyra\u017aniej temat by\u0142 trafiony bo s\u0142uchacze byli tak zaciekawieni, \u017ce\u00a0 od razu po zako\u0144czeniu wyk\u0142adu\u00a0 posypa\u0142 si\u0119 grad pyta\u0144.<\/p>\n<p style=\"text-align: right;\">Fot. Ania Szczodrowska<\/p>\n","protected":false},"excerpt":{"rendered":"<p>PARKOWANIE \u201ePupil w domu \u2013 po\u017cytki i zagro\u017cenia\u201d 4 i 5 sierpnia 2012 odby\u0142a si\u0119 kolejna, sz\u00f3sta edycja PARKOWANIA. Tematem przewodnim by\u0142o &#8222;popo\u0142udnie z faun\u0105&#8221;. Dla niewtajemniczonych PARKOWANIE to coroczna impreza\u00a0 kulturalno-artystyczno-edukacyjna odbywaj\u0105ca si\u0119 na terenie Parku Oliwskiego \u2013 st\u0105d nazwa. Tym razem dla uczestnik\u00f3w otwarte by\u0142o tak\u017ce ZOO. Z \u2026<\/p>\n<p class=\"continue-reading-button\"> <a class=\"continue-reading-link\" href=\"https:\/\/lecznica.gdynia.pl\/?p=114\">Czytaj dalej<i class=\"crycon-right-dir\"><\/i><\/a><\/p>\n","protected":false},"author":1,"featured_media":0,"comment_status":"closed","ping_status":"closed","sticky":false,"template":"","format":"standard","meta":{"ngg_post_thumbnail":0,"footnotes":""},"categories":[1],"tags":[],"_links":{"self":[{"href":"https:\/\/lecznica.gdynia.pl\/index.php?rest_route=\/wp\/v2\/posts\/114"}],"collection":[{"href":"https:\/\/lecznica.gdynia.pl\/index.php?rest_route=\/wp\/v2\/posts"}],"about":[{"href":"https:\/\/lecznica.gdynia.pl\/index.php?rest_route=\/wp\/v2\/types\/post"}],"author":[{"embeddable":true,"href":"https:\/\/lecznica.gdynia.pl\/index.php?rest_route=\/wp\/v2\/users\/1"}],"replies":[{"embeddable":true,"href":"https:\/\/lecznica.gdynia.pl\/index.php?rest_route=%2Fwp%2Fv2%2Fcomments&post=114"}],"version-history":[{"count":5,"href":"https:\/\/lecznica.gdynia.pl\/index.php?rest_route=\/wp\/v2\/posts\/114\/revisions"}],"predecessor-version":[{"id":201,"href":"https:\/\/lecznica.gdynia.pl\/index.php?rest_route=\/wp\/v2\/posts\/114\/revisions\/201"}],"wp:attachment":[{"href":"https:\/\/lecznica.gdynia.pl\/index.php?rest_route=%2Fwp%2Fv2%2Fmedia&parent=114"}],"wp:term":[{"taxonomy":"category","embeddable":true,"href":"https:\/\/lecznica.gdynia.pl\/index.php?rest_route=%2Fwp%2Fv2%2Fcategories&post=114"},{"taxonomy":"post_tag","embeddable":true,"href":"https:\/\/lecznica.gdynia.pl\/index.php?rest_route=%2Fwp%2Fv2%2Ftags&post=114"}],"curies":[{"name":"wp","href":"https:\/\/api.w.org\/{rel}","templated":true}]}}